{"id":356,"date":"2026-09-04T07:49:33","date_gmt":"2026-09-04T07:49:33","guid":{"rendered":"https:\/\/winterstone.net\/blog\/?p=356"},"modified":"2026-09-04T07:49:33","modified_gmt":"2026-09-04T07:49:33","slug":"marmomac-2026-verona","status":"publish","type":"post","link":"https:\/\/winterstone.net\/blog\/marmomac-2026-verona\/","title":{"rendered":"\u00a1WINTERSTONE estar\u00e1 presente en MARMOMAC 2026 en Verona, Italia!"},"content":{"rendered":"\n<p><strong>Del 22 al 25 de septiembre, participaremos en la feria internacional de referencia dedicada a la piedra natural, la tecnolog\u00eda y la innovaci\u00f3n en el sector.<\/strong><\/p>\n\n\n\n<p>La plataforma perfecta para presentar los productos, soluciones y \u00faltimas innovaciones de Winterstone.<\/p>\n\n\n\n<p>Nuestras <strong>herramientas dise\u00f1adas con precisi\u00f3n<\/strong> est\u00e1n desarrolladas para mejorar la eficiencia, maximizar la durabilidad y reducir los costes en el corte y procesamiento de la piedra.<\/p>\n\n\n\n<figure class=\"wp-block-image size-large\"><img loading=\"lazy\" width=\"1024\" height=\"576\" src=\"https:\/\/winterstone.net\/blog\/wp-content\/uploads\/2026\/09\/A1_1-Crea-Immagine-without-DP-reference-1024x576.jpg\" alt=\"\" class=\"wp-image-350\" srcset=\"https:\/\/winterstone.net\/blog\/wp-content\/uploads\/2026\/09\/A1_1-Crea-Immagine-without-DP-reference-1024x576.jpg 1024w, https:\/\/winterstone.net\/blog\/wp-content\/uploads\/2026\/09\/A1_1-Crea-Immagine-without-DP-reference-300x169.jpg 300w, https:\/\/winterstone.net\/blog\/wp-content\/uploads\/2026\/09\/A1_1-Crea-Immagine-without-DP-reference-768x432.jpg 768w, https:\/\/winterstone.net\/blog\/wp-content\/uploads\/2026\/09\/A1_1-Crea-Immagine-without-DP-reference-1536x864.jpg 1536w, https:\/\/winterstone.net\/blog\/wp-content\/uploads\/2026\/09\/A1_1-Crea-Immagine-without-DP-reference-2048x1152.jpg 2048w, https:\/\/winterstone.net\/blog\/wp-content\/uploads\/2026\/09\/A1_1-Crea-Immagine-without-DP-reference-600x338.jpg 600w, https:\/\/winterstone.net\/blog\/wp-content\/uploads\/2026\/09\/A1_1-Crea-Immagine-without-DP-reference-945x532.jpg 945w\" sizes=\"(max-width: 1024px) 100vw, 1024px\" \/><\/figure>\n\n\n\n<p>Gracias a nuestra amplia gama de productos, contamos con la flexibilidad necesaria para adaptar nuestras soluciones a las necesidades espec\u00edficas de cada cliente.<\/p>\n\n\n\n<p>Una excelente oportunidad para fortalecer las relaciones con nuestros clientes y colaboradores actuales, conectar con nuevos clientes potenciales y desarrollar relaciones comerciales duraderas y mutuamente beneficiosas.<\/p>\n\n\n\n<p>Esperamos recibirte en nuestro stand.<\/p>\n\n\n\n<p>\ud83d\udccd <strong>Marmomac 2026 \u2013 Verona, Italia<\/strong><\/p>\n\n\n\n<p>\ud83d\udcc5 <strong>22-25 de septiembre de 2026<\/strong><\/p>\n\n\n\n<p>\ud83d\udccc <strong>Pabell\u00f3n 7 | Stand F7<\/strong><\/p>\n\n\n\n<figure class=\"wp-block-image size-large\"><img loading=\"lazy\" width=\"900\" height=\"300\" src=\"https:\/\/winterstone.net\/blog\/wp-content\/uploads\/2026\/09\/Promotional_Banner_EN-072b8f28-362f-482b-8c8c-ff0f07cb02b0.png\" alt=\"\" class=\"wp-image-349\" srcset=\"https:\/\/winterstone.net\/blog\/wp-content\/uploads\/2026\/09\/Promotional_Banner_EN-072b8f28-362f-482b-8c8c-ff0f07cb02b0.png 900w, https:\/\/winterstone.net\/blog\/wp-content\/uploads\/2026\/09\/Promotional_Banner_EN-072b8f28-362f-482b-8c8c-ff0f07cb02b0-300x100.png 300w, https:\/\/winterstone.net\/blog\/wp-content\/uploads\/2026\/09\/Promotional_Banner_EN-072b8f28-362f-482b-8c8c-ff0f07cb02b0-768x256.png 768w, https:\/\/winterstone.net\/blog\/wp-content\/uploads\/2026\/09\/Promotional_Banner_EN-072b8f28-362f-482b-8c8c-ff0f07cb02b0-600x200.png 600w\" sizes=\"(max-width: 900px) 100vw, 900px\" \/><\/figure>\n\n\n\n<p><\/p>\n","protected":false},"excerpt":{"rendered":"<p>Del 22 al 25 de septiembre, participaremos en la feria internacional de referencia dedicada a la piedra natural, la tecnolog\u00eda y la innovaci\u00f3n en el sector. La plataforma perfecta para presentar los productos, soluciones y \u00faltimas innovaciones de Winterstone. Nuestras&#8230; <a class=\"more-link\" href=\"https:\/\/winterstone.net\/blog\/marmomac-2026-verona\/\">Seguir leyendo &rarr;<\/a><\/p>\n","protected":false},"author":1,"featured_media":346,"comment_status":"open","ping_status":"open","sticky":false,"template":"","format":"standard","meta":[],"categories":[23],"tags":[],"_links":{"self":[{"href":"https:\/\/winterstone.net\/blog\/wp-json\/wp\/v2\/posts\/356"}],"collection":[{"href":"https:\/\/winterstone.net\/blog\/wp-json\/wp\/v2\/posts"}],"about":[{"href":"https:\/\/winterstone.net\/blog\/wp-json\/wp\/v2\/types\/post"}],"author":[{"embeddable":true,"href":"https:\/\/winterstone.net\/blog\/wp-json\/wp\/v2\/users\/1"}],"replies":[{"embeddable":true,"href":"https:\/\/winterstone.net\/blog\/wp-json\/wp\/v2\/comments?post=356"}],"version-history":[{"count":1,"href":"https:\/\/winterstone.net\/blog\/wp-json\/wp\/v2\/posts\/356\/revisions"}],"predecessor-version":[{"id":357,"href":"https:\/\/winterstone.net\/blog\/wp-json\/wp\/v2\/posts\/356\/revisions\/357"}],"wp:featuredmedia":[{"embeddable":true,"href":"https:\/\/winterstone.net\/blog\/wp-json\/wp\/v2\/media\/346"}],"wp:attachment":[{"href":"https:\/\/winterstone.net\/blog\/wp-json\/wp\/v2\/media?parent=356"}],"wp:term":[{"taxonomy":"category","embeddable":true,"href":"https:\/\/winterstone.net\/blog\/wp-json\/wp\/v2\/categories?post=356"},{"taxonomy":"post_tag","embeddable":true,"href":"https:\/\/winterstone.net\/blog\/wp-json\/wp\/v2\/tags?post=356"}],"curies":[{"name":"wp","href":"https:\/\/api.w.org\/{rel}","templated":true}]}}